{"id":481,"date":"2025-10-08T18:12:00","date_gmt":"2025-10-08T16:12:00","guid":{"rendered":"https:\/\/www.droit-dentaire.fr\/?p=481"},"modified":"2025-10-31T16:32:08","modified_gmt":"2025-10-31T15:32:08","slug":"facettes-et-tva","status":"publish","type":"post","link":"https:\/\/www.droit-dentaire.fr\/index.php\/2025\/10\/08\/facettes-et-tva\/","title":{"rendered":"[Veille] Facettes et TVA"},"content":{"rendered":"\n<p>Dans un arr\u00eat du 26 septembre 2025, la Cour administrative d\u2019appel de Paris rappelle que la pose de facettes c\u00e9ramiques \u00e0 vis\u00e9e esth\u00e9tique ne constitue pas un acte \u00e0 finalit\u00e9 th\u00e9rapeutique au sens de l\u2019article 261 du Code g\u00e9n\u00e9ral des imp\u00f4ts. En cons\u00e9quence, ces prestations ne peuvent b\u00e9n\u00e9ficier de l\u2019exon\u00e9ration de TVA applicable aux soins dispens\u00e9s aux personnes. Une d\u00e9cision qui vient une fois de plus pr\u00e9ciser la fronti\u00e8re entre esth\u00e9tique et th\u00e9rapeutique dans l\u2019exercice dentaire.<\/p>\n\n\n\n<blockquote class=\"wp-block-quote is-layout-flow wp-block-quote-is-layout-flow\">\n<p><a href=\"https:\/\/opendata.justice-administrative.fr\/recherche\/shareFile\/CAA75\/DCA_24PA00870_20250926\" target=\"_blank\" rel=\"noreferrer noopener\">Cour administrative d&rsquo;appel de Paris, 5\u00e8me Chambre, Arr\u00eat n\u00ba 24PA00870 du 26 septembre 2025, Requ\u00eate n\u00ba 25330<\/a><\/p>\n<\/blockquote>\n\n\n\n<div style=\"height:18px\" aria-hidden=\"true\" class=\"wp-block-spacer\"><\/div>\n\n\n\n<h5 class=\"wp-block-heading\">Les faits<\/h5>\n\n\n\n<p>Un chirurgien-dentiste lib\u00e9ral fait l\u2019objet d\u2019une v\u00e9rification de comptabilit\u00e9 portant sur les exercices 2016 \u00e0 2018. \u00c0 l&rsquo;issue de cette v\u00e9rification, l\u2019administration fiscale lui notifie des rappels de taxe sur la valeur ajout\u00e9e (TVA) au motif de que la pose de facettes c\u00e9ramiques au cours de cette p\u00e9riode n\u2019ouvre pas droit \u00e0 l\u2019exon\u00e9ration pr\u00e9vue pour les \u00ab soins dispens\u00e9s aux personnes \u00bb par les professions m\u00e9dicales (article 261, 4-1\u00b0 du CGI).<\/p>\n\n\n\n<p>Le praticien soutient que ces actes, codifi\u00e9s <strong>HBMD048<\/strong> dans la Classification Commune des Actes M\u00e9dicaux (CCAM), pr\u00e9sentaient une <strong>finalit\u00e9 th\u00e9rapeutique<\/strong> et devaient \u00eatre assimil\u00e9s \u00e0 des <strong>proth\u00e8ses dentaires<\/strong>, elles-m\u00eames exon\u00e9r\u00e9es de TVA. Il faisait valoir, en outre, l\u2019avis favorable de l\u2019Agence nationale d\u2019accr\u00e9ditation et d\u2019\u00e9valuation de la sant\u00e9 (ANAES) \u00e0 la pose de facettes coll\u00e9es, ainsi que la mise \u00e0 jour du <strong><a href=\"https:\/\/bofip.impots.gouv.fr\/bofip\/1139-PGP.html\/identifiant%3DBOI-TVA-CHAMP-30-10-20-10-20250409\" data-type=\"link\" data-id=\"https:\/\/bofip.impots.gouv.fr\/bofip\/1139-PGP.html\/identifiant%3DBOI-TVA-CHAMP-30-10-20-10-20250409\" target=\"_blank\" rel=\"noreferrer noopener\">BOI-TVA-CHAMP-30-10-20-10<\/a><\/strong> intervenue en avril 2025.<\/p>\n\n\n\n<p>Le <strong>tribunal administratif de Paris<\/strong> ayant rejet\u00e9 sa demande de d\u00e9charge, le praticien a form\u00e9 appel.<\/p>\n\n\n\n<h5 class=\"wp-block-heading\">La d\u00e9cision<\/h5>\n\n\n\n<p>Dans une d\u00e9cision du 26 septembre 2025, la <strong>Cour administrative d\u2019appel de Paris<\/strong> confirme le jugement et <strong>rejette la requ\u00eate<\/strong> de la soci\u00e9t\u00e9 requ\u00e9rante.<\/p>\n\n\n\n<p>S\u2019appuyant sur la <strong><a href=\"https:\/\/eur-lex.europa.eu\/legal-content\/FR\/TXT\/HTML\/?uri=CELEX:32006L0112\" data-type=\"link\" data-id=\"https:\/\/eur-lex.europa.eu\/legal-content\/FR\/TXT\/HTML\/?uri=CELEX:32006L0112\" target=\"_blank\" rel=\"noreferrer noopener\">directive 2006\/112\/CE<\/a><\/strong> et la <strong>jurisprudence de la Cour de justice de l\u2019Union europ\u00e9enne<\/strong> (<em><a href=\"https:\/\/curia.europa.eu\/juris\/document\/document.jsf?text=&amp;docid=135403&amp;pageIndex=0&amp;doclan\" data-type=\"link\" data-id=\"https:\/\/curia.europa.eu\/juris\/document\/document.jsf?text=&amp;docid=135403&amp;pageIndex=0&amp;doclan\" target=\"_blank\" rel=\"noreferrer noopener\">CJUE, 21 mars 2013, Skatteverket c. PFC Clinic AB, C-91\/12<\/a><\/em>), la Cour rappelle que l\u2019exon\u00e9ration de TVA suppose que l\u2019acte poursuive une <strong>finalit\u00e9 th\u00e9rapeutique<\/strong>, c\u2019est-\u00e0-dire qu\u2019il tende \u00e0 diagnostiquer, soigner ou gu\u00e9rir une maladie ou une anomalie de sant\u00e9.<\/p>\n\n\n\n<p>Dans le cas du pr\u00e9sent litige, le juge d&rsquo;appel a consid\u00e9r\u00e9 que l&rsquo;acte HBMD048 \u00e9tait non remboursable et sans entente pr\u00e9alable ; Qu&rsquo;il ne relevait pas du champ des prestations couvertes par l&rsquo;Assurance maladie ; Et enfin, que les pi\u00e8ces vers\u00e9es au dossier ne d\u00e9montrait pas, pour chaque acte r\u00e9alis\u00e9, l&rsquo;existence d&rsquo;une indication th\u00e9rapeutique. <\/p>\n\n\n\n<p>La Cour a notamment relev\u00e9 que la communication du praticien, sur son site internet, pr\u00e9sentait ces traitements sous un angle essentiellement esth\u00e9tique, ce qui a confort\u00e9 l\u2019administration dans sa requalification. <strong>Une telle posture met en exergue le fait que <strong>la finalit\u00e9 fiscale d\u2019un acte m\u00e9dical peut d\u00e9pendre de la mani\u00e8re dont il est pr\u00e9sent\u00e9 au grand public.<\/strong><\/strong><\/p>\n\n\n\n<p>La Cour en conclut, dans le cas pr\u00e9sent, que la pose de facettes c\u00e9ramiques a <strong>une vis\u00e9e essentiellement esth\u00e9tique<\/strong>. Elle \u00e9carte \u00e9galement les moyens tir\u00e9s de l\u2019irr\u00e9gularit\u00e9 de la proc\u00e9dure (absence de d\u00e9bat contradictoire, taxation d\u2019office, manquement \u00e0 la loyaut\u00e9), jug\u00e9s infond\u00e9s.<\/p>\n\n\n\n<h5 class=\"wp-block-heading\"><strong>Discussion <\/strong><\/h5>\n\n\n\n<p>Cette d\u00e9cision n&rsquo;est pas surprenante : elle s\u2019inscrit dans la droite ligne de la jurisprudence europ\u00e9enne et nationale sur la <strong>fiscalit\u00e9 des actes esth\u00e9tiques<\/strong> en mati\u00e8re de chirurgie dentaire. Suivant cette jurisprudence, la Cour d&rsquo;appel op\u00e8re ici une distinction nette entre <strong>l\u2019acte esth\u00e9tique<\/strong>, \u00e0 vis\u00e9e cosm\u00e9tique ou de confort, et <strong>le soin th\u00e9rapeutique<\/strong>, relevant de la pr\u00e9servation ou de la restauration de la sant\u00e9. Seuls les actes \u00e0 vis\u00e9e th\u00e9rapeutique peuvent b\u00e9n\u00e9ficier de l&rsquo;exon\u00e9ration de TVA. <\/p>\n\n\n\n<p><strong><span style=\"text-decoration: underline;\">La pose de facettes demeure assujetti \u00e0 la TVA, sauf preuve d\u2019une finalit\u00e9 th\u00e9rapeutique sp\u00e9cifique pouvant \u00eatre d\u00e9montr\u00e9e par le chirurgien-dentiste, acte par acte.<\/span><\/strong><\/p>\n\n\n\n<p>Dans un contexte d\u2019incertitude fiscale marqu\u00e9 par la <strong><a href=\"https:\/\/entreprendre.service-public.gouv.fr\/actualites\/A17995\" data-type=\"link\" data-id=\"https:\/\/entreprendre.service-public.gouv.fr\/actualites\/A17995\" target=\"_blank\" rel=\"noreferrer noopener\">suspension du nouveau seuil de franchise de TVA en 2025<\/a><\/strong>, cette d\u00e9cision souligne l\u2019importance d\u2019une <strong>tra\u00e7abilit\u00e9 clinique et comptable rigoureuse<\/strong> : le praticien doit pouvoir d\u00e9montrer, le cas \u00e9ch\u00e9ant, le <strong>caract\u00e8re th\u00e9rapeutique document\u00e9<\/strong> de l\u2019acte (motif m\u00e9dical, diagnostic, retentissement fonctionnel).<\/p>\n\n\n\n<p>Cet arr\u00eat confirme enfin que la <strong>notion de soin \u201c\u00e0 finalit\u00e9 th\u00e9rapeutique\u201d<\/strong> prime sur la <strong>qualification technique de l\u2019acte ou sa simple inscription \u00e0 la CCAM.<\/strong><\/p>\n\n\n\n<p><\/p>\n\n\n\n<h5 class=\"wp-block-heading\">Pour aller plus loin<\/h5>\n\n\n\n<p><a href=\"https:\/\/www.information-dentaire.fr\/actualites\/comment-s-applique-la-tva-pour-les-chirurgiens-dentistes-en-2025\/?srsltid=AfmBOorf2vUhjzyRpofQ7n2qPGLlYBz7nU3MraHYL4AZYTn6s-zo0UfB\" data-type=\"link\" data-id=\"https:\/\/www.information-dentaire.fr\/actualites\/comment-s-applique-la-tva-pour-les-chirurgiens-dentistes-en-2025\/?srsltid=AfmBOorf2vUhjzyRpofQ7n2qPGLlYBz7nU3MraHYL4AZYTn6s-zo0UfB\" target=\"_blank\" rel=\"noreferrer noopener\">Sabek, M. (2025). <em>Comment s\u2019applique la TVA pour les chirurgiens-dentistes en 2025 ?<\/em> L\u2019Information Dentaire, (20), 36\u201337.<\/a><\/p>\n\n\n\n<p><em>Sur la th\u00e9matique particuli\u00e8re de l&rsquo;implantologie orale :<\/em><\/p>\n\n\n\n<p><a href=\"https:\/\/hal.science\/hal-04005888\/\" data-type=\"link\" data-id=\"https:\/\/hal.science\/hal-04005888\/\" target=\"_blank\" rel=\"noreferrer noopener\">Diakonoff, H. (2021). Fiscalit\u00e9 et implantologie orale.\u00a0<em>Journal de droit de la sant\u00e9 et de l&rsquo;assurance maladie<\/em>, (29).<\/a><\/p>\n\n\n\n<p><\/p>\n","protected":false},"excerpt":{"rendered":"<p>Dans un arr\u00eat du 26 septembre 2025, la CCA de Paris rappelle que la pose de facettes c\u00e9ramiques \u00e0 vis\u00e9e esth\u00e9tique ne constitue pas un acte \u00e0 finalit\u00e9 th\u00e9rapeutique au sens de l\u2019article 261 CGI. En cons\u00e9quence, ces prestations ne peuvent b\u00e9n\u00e9ficier de l\u2019exon\u00e9ration de TVA applicable aux soins dispens\u00e9s aux personnes.<\/p>\n","protected":false},"author":2,"featured_media":0,"comment_status":"closed","ping_status":"closed","sticky":false,"template":"","format":"standard","meta":{"footnotes":""},"categories":[3],"tags":[88,42,87],"class_list":["post-481","post","type-post","status-publish","format-standard","hentry","category-veille-juridique","tag-fiscalite","tag-systeme-de-sante","tag-tva"],"_links":{"self":[{"href":"https:\/\/www.droit-dentaire.fr\/index.php\/wp-json\/wp\/v2\/posts\/481","targetHints":{"allow":["GET"]}}],"collection":[{"href":"https:\/\/www.droit-dentaire.fr\/index.php\/wp-json\/wp\/v2\/posts"}],"about":[{"href":"https:\/\/www.droit-dentaire.fr\/index.php\/wp-json\/wp\/v2\/types\/post"}],"author":[{"embeddable":true,"href":"https:\/\/www.droit-dentaire.fr\/index.php\/wp-json\/wp\/v2\/users\/2"}],"replies":[{"embeddable":true,"href":"https:\/\/www.droit-dentaire.fr\/index.php\/wp-json\/wp\/v2\/comments?post=481"}],"version-history":[{"count":2,"href":"https:\/\/www.droit-dentaire.fr\/index.php\/wp-json\/wp\/v2\/posts\/481\/revisions"}],"predecessor-version":[{"id":484,"href":"https:\/\/www.droit-dentaire.fr\/index.php\/wp-json\/wp\/v2\/posts\/481\/revisions\/484"}],"wp:attachment":[{"href":"https:\/\/www.droit-dentaire.fr\/index.php\/wp-json\/wp\/v2\/media?parent=481"}],"wp:term":[{"taxonomy":"category","embeddable":true,"href":"https:\/\/www.droit-dentaire.fr\/index.php\/wp-json\/wp\/v2\/categories?post=481"},{"taxonomy":"post_tag","embeddable":true,"href":"https:\/\/www.droit-dentaire.fr\/index.php\/wp-json\/wp\/v2\/tags?post=481"}],"curies":[{"name":"wp","href":"https:\/\/api.w.org\/{rel}","templated":true}]}}