{"id":307,"date":"2024-05-01T21:06:56","date_gmt":"2024-05-01T19:06:56","guid":{"rendered":"https:\/\/www.droit-dentaire.fr\/?p=307"},"modified":"2024-05-01T21:07:13","modified_gmt":"2024-05-01T19:07:13","slug":"veille-financiarisation-de-la-sante-nouveau-round","status":"publish","type":"post","link":"https:\/\/www.droit-dentaire.fr\/index.php\/2024\/05\/01\/veille-financiarisation-de-la-sante-nouveau-round\/","title":{"rendered":"[Veille] Financiarisation de la sant\u00e9 : nouveau round"},"content":{"rendered":"\n<p>Les Conseils de l&rsquo;Ordre des m\u00e9decins et des chirurgiens-dentistes se montrent particuli\u00e8rement oppos\u00e9s \u00e0 la prise de contr\u00f4le de Soci\u00e9t\u00e9s d&rsquo;Exercice Lib\u00e9ral (SEL) par des tiers financiers. Cette d\u00e9marche, qui s&rsquo;inscrit dans une logique d\u00e9nomm\u00e9e \u00ab\u00a0financiarisation de la sant\u00e9\u00a0\u00bb, touche particuli\u00e8rement les soci\u00e9t\u00e9s de biologie et de radiologie et ce, depuis les ann\u00e9es 2000. Si la financiarisation du secteur dentaire se fait depuis une dizaine d&rsquo;ann\u00e9es par le d\u00e9veloppement des centres dentaires, une r\u00e9cente d\u00e9cision du Conseil d&rsquo;\u00c9tat portant sur une SELAS dentaire permet d&rsquo;illustrer les difficult\u00e9s rencontr\u00e9es par l&rsquo;Ordre des chirurgiens-dentistes pour contrer une d\u00e9marche de financiarisation du secteur lib\u00e9ral qu&rsquo;il est possible de retrouver dans le milieu m\u00e9dical.<\/p>\n\n\n\n<blockquote class=\"wp-block-quote is-layout-flow wp-block-quote-is-layout-flow\">\n<p>Conseil d&rsquo;\u00c9tat, Juge des r\u00e9f\u00e9r\u00e9s, D\u00e9cision n\u00ba 493346 du 24 avril 2024, Requ\u00eate n\u00ba 24236<\/p>\n<\/blockquote>\n\n\n\n<p>Le pr\u00e9sent contentieux, qui oppose une \u00a0Soci\u00e9t\u00e9 d&rsquo;Exercice Lib\u00e9ral \u00e0 Actions Simplifi\u00e9e (SELAS) au Conseil National de l&rsquo;Ordre des chirurgiens-dentistes, porte sur la radiation de la soci\u00e9t\u00e9 du tableau de l&rsquo;Ordre au motif d&rsquo;une nouvelle r\u00e9partition du capital social qui serait contraire aux dispositions r\u00e9glementaires en vigueur. <\/p>\n\n\n\n<h5 class=\"wp-block-heading\">Une premi\u00e8re d\u00e9cision (4 octobre 2023)<\/h5>\n\n\n\n<p>Il convient de pr\u00e9ciser que la <a href=\"https:\/\/www.dalloz.fr\/documentation\/Document?id=CE_LIEUVIDE_2024-04-24_493346#texte-integral\">d\u00e9cision du 24 avril 2024 du Conseil d&rsquo;\u00c9tat<\/a> est la seconde d\u00e9cision qui porte sur ce contentieux. <a href=\"https:\/\/www.legifrance.gouv.fr\/ceta\/id\/CETATEXT000048157018\">La premi\u00e8re \u00e9tant en date du 4 octobre 2023<\/a>, dont il convient ici de rappeler les d\u00e9veloppements.<\/p>\n\n\n\n<p>\u00c0 la suite d&rsquo;une mise \u00e0 jour des statuts de la SELAS, une Soci\u00e9t\u00e9 de Participations Financi\u00e8res de Professions Lib\u00e9rales (SPFPL) en devient actionnaire majoritaire (elle prend le contr\u00f4le de la quasi-majorit\u00e9 des actions, en l&rsquo;occurence 200 983 parts sur 201 000). Saisi de cette nouvelle r\u00e9partition du capital social, le conseil d\u00e9partemental des Hauts-de-Seine de l&rsquo;ordre des chirurgiens-dentistes prend la d\u00e9cision de radier la soci\u00e9t\u00e9 du tableau de l&rsquo;Ordre, estimant que cette r\u00e9partition est contraire aux r\u00e8gles applicables aux SEL de chirurgiens-dentistes. Il fonde sa d\u00e9cision sur l&rsquo;article <a href=\"https:\/\/www.legifrance.gouv.fr\/codes\/article_lc\/LEGIARTI000006912560\">R. 4113-11 du Code de la sant\u00e9 publique<\/a>, qui fait obstacle \u00e0 ce que des soci\u00e9t\u00e9s de participations financi\u00e8res puissent d\u00e9tenir des participations dans plus de deux SEL.<\/p>\n\n\n\n<p>La soci\u00e9t\u00e9 effectue un recours administratif aupr\u00e8s du conseil r\u00e9gional de l&rsquo;Ordre des chirurgiens-dentistes. Celui-ci vient confirmer la d\u00e9cision du conseil d\u00e9partemental, en y ajoutant que la nouvelle r\u00e9partition du capital social porte atteinte \u00e0 l&rsquo;ind\u00e9pendance des chirurgiens-dentistes pouvant y exercer (un principe inscrit dans le Code de d\u00e9ontologie des chirurgiens-dentistes, \u00e0 l&rsquo;<a href=\"https:\/\/www.legifrance.gouv.fr\/codes\/article_lc\/LEGIARTI000006913007\">article R. 4127-209 du code de la sant\u00e9 publique<\/a>).<\/p>\n\n\n\n<p>Saisit \u00e0 son tour, le conseil national de l&rsquo;Ordre des chirurgiens-dentistes se prononce une fois de plus en faveur de la radiation, mais sur un troisi\u00e8me motif distinct des deux premiers : LA SPFPL ne r\u00e9pond pas \u00e0 la condition d&rsquo;\u00eatre d\u00e9tenue majoritairement par une personne physique ou morale exer\u00e7ant la profession de chirurgien-dentiste, les \u00e9l\u00e9ments recueillis ne lui permettant pas de d\u00e9terminer si son associ\u00e9 unique, une soci\u00e9t\u00e9 de droit grec, exerce de mani\u00e8re effective la profession de chirurgien-dentiste.\u00a0<\/p>\n\n\n\n<p>Consid\u00e9rant qu&rsquo;elle \u00e9tait entach\u00e9e d&rsquo;ill\u00e9galit\u00e9, le Conseil d&rsquo;\u00c9tat avait annul\u00e9 pour exc\u00e8s de pouvoir la d\u00e9cision du conseil national de l&rsquo;Ordre des chirurgiens-dentistes. Il l&rsquo;avait enjoint \u00e0 effectuer un r\u00e9examen de la situation. <\/p>\n\n\n\n<h5 class=\"wp-block-heading\">La seconde d\u00e9cision (24 avril 2024)<\/h5>\n\n\n\n<p>Comme il \u00e9tait possible de s&rsquo;en douter, \u00e0 la vue des diff\u00e9rents motifs invoqu\u00e9s par les juridictions ordinales pour appuyer la radiation de la SELAS du tableau de l&rsquo;Ordre, le conseil national de l&rsquo;Ordre des chirurgiens-dentistes a confirm\u00e9 le retrait de l&rsquo;inscription de la SEL du tableau de l&rsquo;ordre. Mais cette d\u00e9cision a \u00e9t\u00e9 motiv\u00e9e sur le motif &#8211; nouveau &#8211; \u00ab\u00a0que les conditions de fonctionnement r\u00e9el de la soci\u00e9t\u00e9 ne permettaient pas d&rsquo;attester que les associ\u00e9s praticiens exercent le contr\u00f4le effectif de la soci\u00e9t\u00e9 conform\u00e9ment aux statuts de la SELAS\u00a0\u00bb. <\/p>\n\n\n\n<p>Une fois de plus, la soci\u00e9t\u00e9 incrimin\u00e9e saisit le Conseil d&rsquo;\u00c9tat. Et une fois de plus, celui-ci va se prononcer en faveur de la soci\u00e9t\u00e9 et suspendre la d\u00e9cision du Conseil de l&rsquo;Ordre !<\/p>\n\n\n\n<p>Le Conseil d&rsquo;\u00c9tat va se montrer particuli\u00e8rement s\u00e9v\u00e8re \u00e0 l&rsquo;\u00e9gard de l&rsquo;Ordre, consid\u00e9rant qu&rsquo;il a pris sa d\u00e9cision \u00ab\u00a0sans que la SELAS ait \u00e9t\u00e9 mise \u00e0 m\u00eame de produire les pi\u00e8ces de nature \u00e0 r\u00e9pondre aux griefs qui lui ont \u00e9t\u00e9 oppos\u00e9s pour la premi\u00e8re fois lors du r\u00e9examen de sa demande et, d&rsquo;autre part, de ce que ces griefs n&rsquo;\u00e9taient mat\u00e9riellement pas fond\u00e9s\u00a0\u00bb. Enfin, le Conseil d&rsquo;\u00c9tat consid\u00e8re que le fonctionnement r\u00e9el de la soci\u00e9t\u00e9 ne semble pas compromettre l&rsquo;ind\u00e9pendance professionnelle des praticiens, m\u00eame si ceux-ci sont minoritaires dans la r\u00e9partition du capital social.<\/p>\n\n\n\n<h5 class=\"wp-block-heading\">L&rsquo;analyse<\/h5>\n\n\n\n<p>Ces deux d\u00e9cisions permettent d&rsquo;objectiver les difficult\u00e9s rencontr\u00e9es, \u00e0 l&rsquo;heure actuelle, par l&rsquo;Ordre des chirurgiens-dentistes pour contrecarrer la prise de contr\u00f4le des SEL par des soci\u00e9t\u00e9s tierces. Une telle situation n&rsquo;est pas exclusive \u00e0 l&rsquo;Ordre des chirurgiens-dentistes puisque l&rsquo;Ordre des m\u00e9decins a rencontr\u00e9 des difficult\u00e9s similaires dans le cas d&rsquo;une <a href=\"https:\/\/docteurimago.fr\/actualite\/socioprofessionnel\/le-cdom-du-rhone-radie-une-selas-dimagerie\/\" data-type=\"link\" data-id=\"https:\/\/docteurimago.fr\/actualite\/socioprofessionnel\/le-cdom-du-rhone-radie-une-selas-dimagerie\/\">radiation de SELAS d&rsquo;imagerie<\/a>, radiation qui a \u00e9t\u00e9 suspendue par le <a href=\"https:\/\/www.legifrance.gouv.fr\/ceta\/id\/CETATEXT000048863286\" data-type=\"link\" data-id=\"https:\/\/www.legifrance.gouv.fr\/ceta\/id\/CETATEXT000048863286\">Conseil d&rsquo;\u00c9tat d\u00e9but 2024<\/a>.<\/p>\n\n\n\n<p>Comme le souligne le Conseil de l&rsquo;Ordre des m\u00e9decins (<a href=\"https:\/\/www.conseil-national.medecin.fr\/publications\/communiques-presse\/financiarisation-medecine\">ici<\/a> et <a href=\"https:\/\/cdom95.org\/project\/face-a-la-financiarisation-de-lexercice-medical\/\">l\u00e0<\/a>), l&rsquo;agilit\u00e9, la complexit\u00e9 et l\u2019opacit\u00e9 des montages propos\u00e9s par les financiers aid\u00e9s de juristes sont d&rsquo;autant de facteurs qui rendent particuli\u00e8rement difficile les missions de contr\u00f4le et de protection des int\u00e9r\u00eats des professionnels de sant\u00e9 d\u00e9volues aux Ordres des professions de sant\u00e9. <\/p>\n\n\n\n<p>En saisissant avec succ\u00e8s le juge administratif aux fins de suspendre les d\u00e9cisions de radiation \u00e9mises par les instances ordinales, les soci\u00e9t\u00e9s incrimin\u00e9es ouvrent autant de br\u00e8ches qui fissurent durablement la strat\u00e9gie d&rsquo;opposition des Ordres \u00e0 leurs d\u00e9marches. La seule issue favorable possible pour les Ordres semble \u00eatre celle de l&rsquo;intervention du l\u00e9gislateur, d&rsquo;o\u00f9 l&rsquo;activit\u00e9 de lobbying \u00e0 ce sujet. <\/p>\n\n\n\n<p>L&rsquo;<a href=\"https:\/\/www.economie.gouv.fr\/daj\/lettre-de-la-daj-exercice-en-societe-des-professions-liberales-reglementees-ordonnance-du-8#:~:text=L'ordonnance%20n%C2%B0%202023,croissance%20des%20structures%20juridiques%20lib%C3%A9rales.\" data-type=\"link\" data-id=\"https:\/\/www.economie.gouv.fr\/daj\/lettre-de-la-daj-exercice-en-societe-des-professions-liberales-reglementees-ordonnance-du-8#:~:text=L'ordonnance%20n%C2%B0%202023,croissance%20des%20structures%20juridiques%20lib%C3%A9rales.\">ordonnance\u00a0n\u00b0\u00a02023-77\u00a0du\u00a08\u00a0f\u00e9vrier\u00a02023\u00a0relative \u00e0 l&rsquo;exercice en soci\u00e9t\u00e9 des\u00a0professions\u00a0lib\u00e9rales\u00a0r\u00e8glement\u00e9es<\/a> est ainsi per\u00e7ue comme une r\u00e9ponse favorable aux demandes des Ordres de professionnels de sant\u00e9. Toutefois, cette r\u00e9ponse ne peut \u00eatre pleinement satisfaisante qu&rsquo;une fois les d\u00e9crets d&rsquo;application publi\u00e9s, d&rsquo;ici la fin de l&rsquo;ann\u00e9e 2024. <\/p>\n\n\n\n<p>Or, comme le souligne le rapport sur la <a href=\"https:\/\/www.sciencespo.fr\/chaire-sante\/content\/financiarisation-dans-le-secteur-de-la-sante-tendances-enjeux-et-perspectives.html\">financiarisation de la sant\u00e9 de la Chaire Sant\u00e9 de Sciences Po, publi\u00e9 en juillet 2023<\/a> : \u00ab\u00a0<em>les m\u00e9canismes de contr\u00f4le mis en place par les textes propres aux professions lib\u00e9rales risquent d\u2019\u00eatre inefficaces. Soit, ils ne seront pas appliqu\u00e9s ou seront appliqu\u00e9s trop tard (pr\u00e9c\u00e9dant de la biologie ou les d\u00e9crets d\u2019application sont sortis tardivement ou pas du tout), soit les r\u00e8gles seront d\u00e9tourn\u00e9es par les juristes aguerris des groupes financiers et leur application sera rendue difficile en raison d\u2019un manque  d\u2019expertise et de moyens adapt\u00e9s du c\u00f4t\u00e9 des tutelles, aussi bien au sein des Agences r\u00e9gionales de sant\u00e9 (pr\u00e9c\u00e9dent de la biologie) que des instances ordinales<\/em>\u00ab\u00a0. <\/p>\n\n\n\n<p>Enfin, il ne faut pas perdre de vue que les int\u00e9r\u00eats des professionnels lib\u00e9raux ne sont pas forc\u00e9ment ceux des d\u00e9cideurs politiques et des parlementaires actuellement en place. <\/p>\n\n\n\n<p>Pour le moment, la balle est donc dans le camp des investisseurs&#8230; Affaire \u00e0 suivre !<\/p>\n","protected":false},"excerpt":{"rendered":"<p>deux d\u00e9cisions permettent d&rsquo;objectiver les difficult\u00e9s rencontr\u00e9es, \u00e0 l&rsquo;heure actuelle, par l&rsquo;Ordre des chirurgiens-dentistes pour contrecarrer la prise de contr\u00f4le d&rsquo;une SEL de chirurgiens-dentistes par une soci\u00e9t\u00e9 tierce.<\/p>\n","protected":false},"author":2,"featured_media":0,"comment_status":"closed","ping_status":"closed","sticky":false,"template":"","format":"standard","meta":{"footnotes":""},"categories":[3],"tags":[35,41,62,42],"class_list":["post-307","post","type-post","status-publish","format-standard","hentry","category-veille-juridique","tag-decision-de-justice","tag-financiarisation-de-la-sante","tag-selas","tag-systeme-de-sante"],"_links":{"self":[{"href":"https:\/\/www.droit-dentaire.fr\/index.php\/wp-json\/wp\/v2\/posts\/307","targetHints":{"allow":["GET"]}}],"collection":[{"href":"https:\/\/www.droit-dentaire.fr\/index.php\/wp-json\/wp\/v2\/posts"}],"about":[{"href":"https:\/\/www.droit-dentaire.fr\/index.php\/wp-json\/wp\/v2\/types\/post"}],"author":[{"embeddable":true,"href":"https:\/\/www.droit-dentaire.fr\/index.php\/wp-json\/wp\/v2\/users\/2"}],"replies":[{"embeddable":true,"href":"https:\/\/www.droit-dentaire.fr\/index.php\/wp-json\/wp\/v2\/comments?post=307"}],"version-history":[{"count":1,"href":"https:\/\/www.droit-dentaire.fr\/index.php\/wp-json\/wp\/v2\/posts\/307\/revisions"}],"predecessor-version":[{"id":308,"href":"https:\/\/www.droit-dentaire.fr\/index.php\/wp-json\/wp\/v2\/posts\/307\/revisions\/308"}],"wp:attachment":[{"href":"https:\/\/www.droit-dentaire.fr\/index.php\/wp-json\/wp\/v2\/media?parent=307"}],"wp:term":[{"taxonomy":"category","embeddable":true,"href":"https:\/\/www.droit-dentaire.fr\/index.php\/wp-json\/wp\/v2\/categories?post=307"},{"taxonomy":"post_tag","embeddable":true,"href":"https:\/\/www.droit-dentaire.fr\/index.php\/wp-json\/wp\/v2\/tags?post=307"}],"curies":[{"name":"wp","href":"https:\/\/api.w.org\/{rel}","templated":true}]}}