{"id":169,"date":"2023-10-15T14:21:42","date_gmt":"2023-10-15T12:21:42","guid":{"rendered":"https:\/\/www.droit-dentaire.fr\/?p=169"},"modified":"2026-01-18T15:30:56","modified_gmt":"2026-01-18T14:30:56","slug":"veille-la-financiarisation-de-la-sante","status":"publish","type":"post","link":"https:\/\/www.droit-dentaire.fr\/index.php\/2023\/10\/15\/veille-la-financiarisation-de-la-sante\/","title":{"rendered":"[Veille] La financiarisation de la sant\u00e9"},"content":{"rendered":"\n<p>Dans une note de synth\u00e8se, deux membres de la Chaire Sant\u00e9 de SciencesPo abordent la question de la financiarisation de la sant\u00e9 et son incidence actuelle sur notre syst\u00e8me de sant\u00e9. <\/p>\n\n\n\n<p>Si cette note de synth\u00e8se n&rsquo;aborde pas en d\u00e9tail l&rsquo;incidence de la financiarisation sur l&rsquo;offre de soins en mati\u00e8re dentaire, elle permet de prendre du recul sur cette dynamique. Sommes-nous \u00e0 un moment charni\u00e8re de l&rsquo;histoire de notre syst\u00e8me de sant\u00e9 contemporain ? La profession doit-elle \u00e0 tout prix lutter contre les grands groupes financiers ? Le peut-elle ?<\/p>\n\n\n\n<p>Nul doute qu&rsquo;il faille se sensibiliser \u00e0 la question et en parler avec les plus jeunes de nos confr\u00e8res.<\/p>\n\n\n\n<p>Une note \u00e0 lire et \u00e0 partager. <\/p>\n\n\n\n<p><a href=\"https:\/\/www.sciencespo.fr\/chaire-sante\/sites\/sciencespo.fr.chaire-sante\/files\/Note%20financiarisation%20VF.pdf\" data-type=\"link\" data-id=\"https:\/\/www.sciencespo.fr\/chaire-sante\/sites\/sciencespo.fr.chaire-sante\/files\/Note%20financiarisation%20VF.pdf\">Le document (en ligne)<\/a><\/p>\n","protected":false},"excerpt":{"rendered":"<p>Dans une note de synth\u00e8se, deux membres de la Chaire Sant\u00e9 de SciencesPo abordent la question de la financiarisation de la sant\u00e9 et son incidence actuelle sur notre syst\u00e8me de sant\u00e9. <\/p>\n","protected":false},"author":2,"featured_media":0,"comment_status":"closed","ping_status":"open","sticky":false,"template":"","format":"standard","meta":{"footnotes":""},"categories":[3],"tags":[41,39,42],"class_list":["post-169","post","type-post","status-publish","format-standard","hentry","category-veille-juridique","tag-financiarisation-de-la-sante","tag-sante-bucco-dentaire","tag-systeme-de-sante"],"_links":{"self":[{"href":"https:\/\/www.droit-dentaire.fr\/index.php\/wp-json\/wp\/v2\/posts\/169","targetHints":{"allow":["GET"]}}],"collection":[{"href":"https:\/\/www.droit-dentaire.fr\/index.php\/wp-json\/wp\/v2\/posts"}],"about":[{"href":"https:\/\/www.droit-dentaire.fr\/index.php\/wp-json\/wp\/v2\/types\/post"}],"author":[{"embeddable":true,"href":"https:\/\/www.droit-dentaire.fr\/index.php\/wp-json\/wp\/v2\/users\/2"}],"replies":[{"embeddable":true,"href":"https:\/\/www.droit-dentaire.fr\/index.php\/wp-json\/wp\/v2\/comments?post=169"}],"version-history":[{"count":1,"href":"https:\/\/www.droit-dentaire.fr\/index.php\/wp-json\/wp\/v2\/posts\/169\/revisions"}],"predecessor-version":[{"id":170,"href":"https:\/\/www.droit-dentaire.fr\/index.php\/wp-json\/wp\/v2\/posts\/169\/revisions\/170"}],"wp:attachment":[{"href":"https:\/\/www.droit-dentaire.fr\/index.php\/wp-json\/wp\/v2\/media?parent=169"}],"wp:term":[{"taxonomy":"category","embeddable":true,"href":"https:\/\/www.droit-dentaire.fr\/index.php\/wp-json\/wp\/v2\/categories?post=169"},{"taxonomy":"post_tag","embeddable":true,"href":"https:\/\/www.droit-dentaire.fr\/index.php\/wp-json\/wp\/v2\/tags?post=169"}],"curies":[{"name":"wp","href":"https:\/\/api.w.org\/{rel}","templated":true}]}}